{"id":937,"date":"2011-10-31T20:21:51","date_gmt":"2011-10-31T18:21:51","guid":{"rendered":"http:\/\/www.eltrenillo.org\/?p=937"},"modified":"2011-10-31T20:21:51","modified_gmt":"2011-10-31T18:21:51","slug":"adios-arco-adios","status":"publish","type":"post","link":"https:\/\/www.eltrenillo.com\/?p=937","title":{"rendered":"Adios, ARCO, adios&#8230;"},"content":{"rendered":"<p>Tal y como hemos recomendado otras veces, nuestro buen amigo y socio Cardenas449, tiene una galer\u00eda de fotos y v\u00eddeos excelente en Flickr.<\/p>\n<p>Uno de los \u00faltimos v\u00eddeos ha sido \u00e9ste, el paso de el \u00faltimo coche que circul\u00f3 en el Arco de Badajoz&#8230;. RIP.<\/p>\n<p>Foto: Cardenas449\/J.I.<\/p>\n<p><code><object classid=\"clsid:D27CDB6E-AE6D-11cf-96B8-444553540000\" width=\"400\" height=\"225\" data=\"http:\/\/www.flickr.com\/apps\/video\/stewart.swf?v=109786\" type=\"application\/x-shockwave-flash\"><param name=\"flashvars\" value=\"intl_lang=es-us&amp;photo_secret=10bb3c056c&amp;photo_id=6283931719\" \/><param name=\"movie\" value=\"http:\/\/www.flickr.com\/apps\/video\/stewart.swf?v=109786\" \/><param name=\"bgcolor\" value=\"#000000\" \/><param name=\"allowFullScreen\" value=\"true\" \/><embed type=\"application\/x-shockwave-flash\" width=\"400\" height=\"225\" src=\"http:\/\/www.flickr.com\/apps\/video\/stewart.swf?v=109786\" flashvars=\"intl_lang=es-us&amp;photo_secret=10bb3c056c&amp;photo_id=6283931719\" allowfullscreen=\"true\" bgcolor=\"#000000\"><\/embed><\/object><br \/>\n<\/code><\/p>\n","protected":false},"excerpt":{"rendered":"<p>Tal y como hemos recomendado otras veces, nuestro buen amigo y socio Cardenas449, tiene una galer\u00eda de fotos y v\u00eddeos excelente en Flickr. Uno de los \u00faltimos v\u00eddeos ha sido \u00e9ste, el paso de el \u00faltimo coche que circul\u00f3 en el Arco de Badajoz&#8230;. RIP. Foto: Cardenas449\/J.I.<\/p>\n","protected":false},"author":1,"featured_media":0,"comment_status":"closed","ping_status":"closed","sticky":false,"template":"","format":"standard","meta":{"footnotes":""},"categories":[4],"tags":[],"class_list":["post-937","post","type-post","status-publish","format-standard","hentry","category-noticias-del-ferrocarril"],"_links":{"self":[{"href":"https:\/\/www.eltrenillo.com\/index.php?rest_route=\/wp\/v2\/posts\/937","targetHints":{"allow":["GET"]}}],"collection":[{"href":"https:\/\/www.eltrenillo.com\/index.php?rest_route=\/wp\/v2\/posts"}],"about":[{"href":"https:\/\/www.eltrenillo.com\/index.php?rest_route=\/wp\/v2\/types\/post"}],"author":[{"embeddable":true,"href":"https:\/\/www.eltrenillo.com\/index.php?rest_route=\/wp\/v2\/users\/1"}],"replies":[{"embeddable":true,"href":"https:\/\/www.eltrenillo.com\/index.php?rest_route=%2Fwp%2Fv2%2Fcomments&post=937"}],"version-history":[{"count":3,"href":"https:\/\/www.eltrenillo.com\/index.php?rest_route=\/wp\/v2\/posts\/937\/revisions"}],"predecessor-version":[{"id":940,"href":"https:\/\/www.eltrenillo.com\/index.php?rest_route=\/wp\/v2\/posts\/937\/revisions\/940"}],"wp:attachment":[{"href":"https:\/\/www.eltrenillo.com\/index.php?rest_route=%2Fwp%2Fv2%2Fmedia&parent=937"}],"wp:term":[{"taxonomy":"category","embeddable":true,"href":"https:\/\/www.eltrenillo.com\/index.php?rest_route=%2Fwp%2Fv2%2Fcategories&post=937"},{"taxonomy":"post_tag","embeddable":true,"href":"https:\/\/www.eltrenillo.com\/index.php?rest_route=%2Fwp%2Fv2%2Ftags&post=937"}],"curies":[{"name":"wp","href":"https:\/\/api.w.org\/{rel}","templated":true}]}}