{"id":890,"date":"2011-09-12T23:50:25","date_gmt":"2011-09-12T21:50:25","guid":{"rendered":"http:\/\/www.eltrenillo.org\/?p=890"},"modified":"2011-09-12T23:50:25","modified_gmt":"2011-09-12T21:50:25","slug":"adios-garcia-lorca-con-material-convencional","status":"publish","type":"post","link":"https:\/\/www.eltrenillo.com\/?p=890","title":{"rendered":"Adi\u00f3s, Garc\u00eda Lorca con material convencional&#8230;"},"content":{"rendered":"<p>El pasado s\u00e1bado, 10 de septiembre, circulaba el \u00faltimo servicio \u00abArco\u00bb con material convencional, el Arco 697 traccionado por la locomotora 252-072. A partir del 11 de septiembre el servicio se cumple mediante trenes serie 490, responsables del antiguo servicio \u00abAlaris\u00bb Madrid-Valencia.<\/p>\n<p>&nbsp;<br \/>\nCulimina, as\u00ed, una larga tradici\u00f3n, la del tren en su concepci\u00f3n m\u00e1s tradicional, con una locomotora remolcando una composici\u00f3n, con posibilidad de agregar o segregar coches de la misma.<\/p>\n<p>&nbsp;<br \/>\nSirva esta rese\u00f1a como peque\u00f1o homenaje al material hoy retirado, y nuestros mejores deseos de \u00e9xito y buen servicio para el nuevo material responsable de la relaci\u00f3n.<\/p>\n<p style=\"text-align: center\">&nbsp;<\/p>\n<p style=\"text-align: center\">&nbsp;<\/p>\n<p style=\"text-align: center\"><a href=\"http:\/\/www.eltrenillo.org\/wp-content\/uploads\/2011\/09\/P9100001-web.jpg\"><\/a><a href=\"http:\/\/www.eltrenillo.org\/wp-content\/uploads\/2011\/09\/P9100005-web.jpg\"><img loading=\"lazy\" decoding=\"async\" class=\"aligncenter size-full wp-image-896\" src=\"http:\/\/www.eltrenillo.org\/wp-content\/uploads\/2011\/09\/P9100005-web.jpg\" alt=\"\" width=\"597\" height=\"448\" \/><\/a><\/p>\n<p style=\"text-align: center\">Arco 697 en la Estaci\u00f3n de Valdepe\u00f1as<\/p>\n<p style=\"text-align: center\">&nbsp;<\/p>\n<p style=\"text-align: center\">&nbsp;<\/p>\n<p style=\"text-align: center\">&nbsp;<\/p>\n<p style=\"text-align: center\"><a href=\"http:\/\/www.eltrenillo.org\/wp-content\/uploads\/2011\/09\/P9100001-web1.jpg\"><img loading=\"lazy\" decoding=\"async\" class=\"aligncenter size-full wp-image-902\" src=\"http:\/\/www.eltrenillo.org\/wp-content\/uploads\/2011\/09\/P9100001-web1.jpg\" alt=\"Arco &quot;Garc\u00eda Lorca&quot; en la estaci\u00f3n de Valdepe\u00f1as\" width=\"597\" height=\"448\" \/><\/a>Arco \u00abGarc\u00eda Lorca\u00bb partiendo de Valdepe\u00f1as<\/p>\n","protected":false},"excerpt":{"rendered":"<p>El pasado s\u00e1bado, 10 de septiembre, circulaba el \u00faltimo servicio \u00abArco\u00bb con material convencional, el Arco 697 traccionado por la locomotora 252-072. A partir del 11 de septiembre el servicio se cumple mediante trenes serie 490, responsables del antiguo servicio \u00abAlaris\u00bb Madrid-Valencia. &nbsp; Culimina, as\u00ed, una larga tradici\u00f3n, la del tren en su concepci\u00f3n m\u00e1s &hellip; <a href=\"https:\/\/www.eltrenillo.com\/?p=890\" class=\"more-link\">Continuar leyendo<span class=\"screen-reader-text\"> \u00abAdi\u00f3s, Garc\u00eda Lorca con material convencional&#8230;\u00bb<\/span><\/a><\/p>\n","protected":false},"author":1,"featured_media":0,"comment_status":"closed","ping_status":"closed","sticky":false,"template":"","format":"standard","meta":{"footnotes":""},"categories":[4,8],"tags":[],"class_list":["post-890","post","type-post","status-publish","format-standard","hentry","category-noticias-del-ferrocarril","category-seleccion-de-videos-y-fotografias"],"_links":{"self":[{"href":"https:\/\/www.eltrenillo.com\/index.php?rest_route=\/wp\/v2\/posts\/890","targetHints":{"allow":["GET"]}}],"collection":[{"href":"https:\/\/www.eltrenillo.com\/index.php?rest_route=\/wp\/v2\/posts"}],"about":[{"href":"https:\/\/www.eltrenillo.com\/index.php?rest_route=\/wp\/v2\/types\/post"}],"author":[{"embeddable":true,"href":"https:\/\/www.eltrenillo.com\/index.php?rest_route=\/wp\/v2\/users\/1"}],"replies":[{"embeddable":true,"href":"https:\/\/www.eltrenillo.com\/index.php?rest_route=%2Fwp%2Fv2%2Fcomments&post=890"}],"version-history":[{"count":14,"href":"https:\/\/www.eltrenillo.com\/index.php?rest_route=\/wp\/v2\/posts\/890\/revisions"}],"predecessor-version":[{"id":907,"href":"https:\/\/www.eltrenillo.com\/index.php?rest_route=\/wp\/v2\/posts\/890\/revisions\/907"}],"wp:attachment":[{"href":"https:\/\/www.eltrenillo.com\/index.php?rest_route=%2Fwp%2Fv2%2Fmedia&parent=890"}],"wp:term":[{"taxonomy":"category","embeddable":true,"href":"https:\/\/www.eltrenillo.com\/index.php?rest_route=%2Fwp%2Fv2%2Fcategories&post=890"},{"taxonomy":"post_tag","embeddable":true,"href":"https:\/\/www.eltrenillo.com\/index.php?rest_route=%2Fwp%2Fv2%2Ftags&post=890"}],"curies":[{"name":"wp","href":"https:\/\/api.w.org\/{rel}","templated":true}]}}