{"id":714,"date":"2011-03-15T12:28:59","date_gmt":"2011-03-15T10:28:59","guid":{"rendered":"http:\/\/www.eltrenillo.org\/?p=714"},"modified":"2011-03-15T14:28:18","modified_gmt":"2011-03-15T12:28:18","slug":"presentacion-de-la-via-verde-calatrava","status":"publish","type":"post","link":"https:\/\/www.eltrenillo.com\/?p=714","title":{"rendered":"Presentaci\u00f3n de la V\u00eda Verde Calatrava."},"content":{"rendered":"<p><!-- p.p1 {margin: 0.0px 0.0px 0.0px 0.0px; font: 12.0px Helvetica} p.p2 {margin: 0.0px 0.0px 0.0px 0.0px; font: 50.0px Helvetica} --><strong>Hemos recibido la invitaci\u00f3n para asistir a la presentaci\u00f3n de la V\u00eda Verde del Campo de Calatrava,<\/strong><\/p>\n<p><strong>se celebrar\u00e1 en Calzada el 17 de marzo.<\/strong><\/p>\n<p><strong>Desde aqu\u00ed nuestra felicitaci\u00f3n y \u00e1nimo ante dicho proyecto.<\/strong><\/p>\n<p><strong>&#8212;<a href=\"http:\/\/www.eltrenillo.org\/wp-content\/uploads\/2011\/03\/SALUDA1asociaci\u00f3neltrenillo.pdf\">INVITACI\u00d3N AL ACTO<\/a>&#8212;<\/strong><\/p>\n","protected":false},"excerpt":{"rendered":"<p>Hemos recibido la invitaci\u00f3n para asistir a la presentaci\u00f3n de la V\u00eda Verde del Campo de Calatrava, se celebrar\u00e1 en Calzada el 17 de marzo. Desde aqu\u00ed nuestra felicitaci\u00f3n y \u00e1nimo ante dicho proyecto. &#8212;INVITACI\u00d3N AL ACTO&#8212;<\/p>\n","protected":false},"author":1,"featured_media":0,"comment_status":"closed","ping_status":"closed","sticky":false,"template":"","format":"standard","meta":{"footnotes":""},"categories":[5],"tags":[],"class_list":["post-714","post","type-post","status-publish","format-standard","hentry","category-noticias-de-interes"],"_links":{"self":[{"href":"https:\/\/www.eltrenillo.com\/index.php?rest_route=\/wp\/v2\/posts\/714","targetHints":{"allow":["GET"]}}],"collection":[{"href":"https:\/\/www.eltrenillo.com\/index.php?rest_route=\/wp\/v2\/posts"}],"about":[{"href":"https:\/\/www.eltrenillo.com\/index.php?rest_route=\/wp\/v2\/types\/post"}],"author":[{"embeddable":true,"href":"https:\/\/www.eltrenillo.com\/index.php?rest_route=\/wp\/v2\/users\/1"}],"replies":[{"embeddable":true,"href":"https:\/\/www.eltrenillo.com\/index.php?rest_route=%2Fwp%2Fv2%2Fcomments&post=714"}],"version-history":[{"count":4,"href":"https:\/\/www.eltrenillo.com\/index.php?rest_route=\/wp\/v2\/posts\/714\/revisions"}],"predecessor-version":[{"id":724,"href":"https:\/\/www.eltrenillo.com\/index.php?rest_route=\/wp\/v2\/posts\/714\/revisions\/724"}],"wp:attachment":[{"href":"https:\/\/www.eltrenillo.com\/index.php?rest_route=%2Fwp%2Fv2%2Fmedia&parent=714"}],"wp:term":[{"taxonomy":"category","embeddable":true,"href":"https:\/\/www.eltrenillo.com\/index.php?rest_route=%2Fwp%2Fv2%2Fcategories&post=714"},{"taxonomy":"post_tag","embeddable":true,"href":"https:\/\/www.eltrenillo.com\/index.php?rest_route=%2Fwp%2Fv2%2Ftags&post=714"}],"curies":[{"name":"wp","href":"https:\/\/api.w.org\/{rel}","templated":true}]}}