{"id":711,"date":"2011-03-15T12:21:15","date_gmt":"2011-03-15T10:21:15","guid":{"rendered":"http:\/\/www.eltrenillo.org\/?p=711"},"modified":"2011-03-15T12:21:15","modified_gmt":"2011-03-15T10:21:15","slug":"asamblea-de-la-feaaf-en-madrid","status":"publish","type":"post","link":"https:\/\/www.eltrenillo.com\/?p=711","title":{"rendered":"Asamblea de la FEAAF en Madrid."},"content":{"rendered":"<p>Continuando con las diversas actividades y convocatorias en las que ha participado nuestra Asociaci\u00f3n, el pasado 6 de marzo, se celebr\u00f3 \u00a0en Madrid, la Asamblea General de la Federaci\u00f3n Espa\u00f1ola de Amigos del Ferrocarril.<\/p>\n<p>En la reuni\u00f3n, entre otros diferentes puntos, se entreg\u00f3 el modelo del a\u00f1o (escalas N y HO), se aprobaron altas de Asociaciones como la de \u00abEl Fudre\u00bb de Villarrobledo, y se concretaron las diferentes actividades del a\u00f1o 2011, donde \u00a0destaca el Congreso de Pamplona.<\/p>\n<p>Entrega del modelo del a\u00f1o: Ibertr\u00e9n.HO.<\/p>\n<p><a href=\"http:\/\/www.eltrenillo.org\/wp-content\/uploads\/2011\/03\/IMG_0166.jpg\"><img loading=\"lazy\" decoding=\"async\" class=\"aligncenter size-full wp-image-712\" title=\"IMG_0166\" src=\"http:\/\/www.eltrenillo.org\/wp-content\/uploads\/2011\/03\/IMG_0166.jpg\" alt=\"\" width=\"600\" height=\"448\" \/><\/a><\/p>\n<p>&nbsp;<\/p>\n","protected":false},"excerpt":{"rendered":"<p>Continuando con las diversas actividades y convocatorias en las que ha participado nuestra Asociaci\u00f3n, el pasado 6 de marzo, se celebr\u00f3 \u00a0en Madrid, la Asamblea General de la Federaci\u00f3n Espa\u00f1ola de Amigos del Ferrocarril. En la reuni\u00f3n, entre otros diferentes puntos, se entreg\u00f3 el modelo del a\u00f1o (escalas N y HO), se aprobaron altas de &hellip; <a href=\"https:\/\/www.eltrenillo.com\/?p=711\" class=\"more-link\">Continuar leyendo<span class=\"screen-reader-text\"> \u00abAsamblea de la FEAAF en Madrid.\u00bb<\/span><\/a><\/p>\n","protected":false},"author":1,"featured_media":0,"comment_status":"closed","ping_status":"closed","sticky":false,"template":"","format":"standard","meta":{"footnotes":""},"categories":[5],"tags":[],"class_list":["post-711","post","type-post","status-publish","format-standard","hentry","category-noticias-de-interes"],"_links":{"self":[{"href":"https:\/\/www.eltrenillo.com\/index.php?rest_route=\/wp\/v2\/posts\/711","targetHints":{"allow":["GET"]}}],"collection":[{"href":"https:\/\/www.eltrenillo.com\/index.php?rest_route=\/wp\/v2\/posts"}],"about":[{"href":"https:\/\/www.eltrenillo.com\/index.php?rest_route=\/wp\/v2\/types\/post"}],"author":[{"embeddable":true,"href":"https:\/\/www.eltrenillo.com\/index.php?rest_route=\/wp\/v2\/users\/1"}],"replies":[{"embeddable":true,"href":"https:\/\/www.eltrenillo.com\/index.php?rest_route=%2Fwp%2Fv2%2Fcomments&post=711"}],"version-history":[{"count":1,"href":"https:\/\/www.eltrenillo.com\/index.php?rest_route=\/wp\/v2\/posts\/711\/revisions"}],"predecessor-version":[{"id":713,"href":"https:\/\/www.eltrenillo.com\/index.php?rest_route=\/wp\/v2\/posts\/711\/revisions\/713"}],"wp:attachment":[{"href":"https:\/\/www.eltrenillo.com\/index.php?rest_route=%2Fwp%2Fv2%2Fmedia&parent=711"}],"wp:term":[{"taxonomy":"category","embeddable":true,"href":"https:\/\/www.eltrenillo.com\/index.php?rest_route=%2Fwp%2Fv2%2Fcategories&post=711"},{"taxonomy":"post_tag","embeddable":true,"href":"https:\/\/www.eltrenillo.com\/index.php?rest_route=%2Fwp%2Fv2%2Ftags&post=711"}],"curies":[{"name":"wp","href":"https:\/\/api.w.org\/{rel}","templated":true}]}}