{"id":708,"date":"2011-03-15T12:16:00","date_gmt":"2011-03-15T10:16:00","guid":{"rendered":"http:\/\/www.eltrenillo.org\/?p=708"},"modified":"2011-03-15T12:42:04","modified_gmt":"2011-03-15T10:42:04","slug":"asamblea-de-fcmaf-en-c-real","status":"publish","type":"post","link":"https:\/\/www.eltrenillo.com\/?p=708","title":{"rendered":"Asamblea de FCMAF en C Real."},"content":{"rendered":"<p>El pasado 26 de febrero, se celebr\u00f3 en C Real la Asamblea de la Federaci\u00f3n Castellano Manchega de Amigos del Fc.<\/p>\n<p>En ella participaron todas las Asociaciones federaradas adem\u00e1s de otros invitados de asociaciones cercanas.<\/p>\n<p>M\u00e1s informaci\u00f3n en\u00a0<a href=\"http:\/\/fcmaf.castillalamancha.es\/index.htm\" target=\"_blank\">http:\/\/fcmaf.castillalamancha.es\/index.htm<\/a> Foto; FCMAF<\/p>\n<p style=\"text-align: center;\"><a href=\"http:\/\/www.eltrenillo.org\/wp-content\/uploads\/2011\/03\/DSC_2742.jpg\"><img loading=\"lazy\" decoding=\"async\" class=\"aligncenter size-full wp-image-709\" title=\"DSC_2742\" src=\"http:\/\/www.eltrenillo.org\/wp-content\/uploads\/2011\/03\/DSC_2742.jpg\" alt=\"\" width=\"630\" height=\"423\" \/><\/a><\/p>\n<p>&nbsp;<\/p>\n","protected":false},"excerpt":{"rendered":"<p>El pasado 26 de febrero, se celebr\u00f3 en C Real la Asamblea de la Federaci\u00f3n Castellano Manchega de Amigos del Fc. En ella participaron todas las Asociaciones federaradas adem\u00e1s de otros invitados de asociaciones cercanas. M\u00e1s informaci\u00f3n en\u00a0http:\/\/fcmaf.castillalamancha.es\/index.htm Foto; FCMAF &nbsp;<\/p>\n","protected":false},"author":1,"featured_media":0,"comment_status":"closed","ping_status":"closed","sticky":false,"template":"","format":"standard","meta":{"footnotes":""},"categories":[5],"tags":[],"class_list":["post-708","post","type-post","status-publish","format-standard","hentry","category-noticias-de-interes"],"_links":{"self":[{"href":"https:\/\/www.eltrenillo.com\/index.php?rest_route=\/wp\/v2\/posts\/708","targetHints":{"allow":["GET"]}}],"collection":[{"href":"https:\/\/www.eltrenillo.com\/index.php?rest_route=\/wp\/v2\/posts"}],"about":[{"href":"https:\/\/www.eltrenillo.com\/index.php?rest_route=\/wp\/v2\/types\/post"}],"author":[{"embeddable":true,"href":"https:\/\/www.eltrenillo.com\/index.php?rest_route=\/wp\/v2\/users\/1"}],"replies":[{"embeddable":true,"href":"https:\/\/www.eltrenillo.com\/index.php?rest_route=%2Fwp%2Fv2%2Fcomments&post=708"}],"version-history":[{"count":3,"href":"https:\/\/www.eltrenillo.com\/index.php?rest_route=\/wp\/v2\/posts\/708\/revisions"}],"predecessor-version":[{"id":721,"href":"https:\/\/www.eltrenillo.com\/index.php?rest_route=\/wp\/v2\/posts\/708\/revisions\/721"}],"wp:attachment":[{"href":"https:\/\/www.eltrenillo.com\/index.php?rest_route=%2Fwp%2Fv2%2Fmedia&parent=708"}],"wp:term":[{"taxonomy":"category","embeddable":true,"href":"https:\/\/www.eltrenillo.com\/index.php?rest_route=%2Fwp%2Fv2%2Fcategories&post=708"},{"taxonomy":"post_tag","embeddable":true,"href":"https:\/\/www.eltrenillo.com\/index.php?rest_route=%2Fwp%2Fv2%2Ftags&post=708"}],"curies":[{"name":"wp","href":"https:\/\/api.w.org\/{rel}","templated":true}]}}