{"id":683,"date":"2011-02-17T21:18:05","date_gmt":"2011-02-17T19:18:05","guid":{"rendered":"http:\/\/eltrenillo.org\/?p=683"},"modified":"2011-02-18T17:28:02","modified_gmt":"2011-02-18T15:28:02","slug":"las-tolvas-del-ministerio-de-agricultura","status":"publish","type":"post","link":"https:\/\/www.eltrenillo.com\/?p=683","title":{"rendered":"Las tolvas del Ministerio de Agricultura."},"content":{"rendered":"<p style=\"text-align: left;\">Gracias a la iniciativa de la Asociaci\u00f3n Jarama, de Madrid, y a la Federaci\u00f3n Espa\u00f1ola de Asociaciones de Amigos del Ferrocarril,\u00a0ha sido posible plasmar una iniciativa largamente planeada y deseada,\u00a0la reproducci\u00f3n de las tolvas de cereales del Ministerio de Agricultura que en los a\u00f1os 70 y 80 llevaron grano de una punta a otra de Espa\u00f1a.<br \/>\nNuestras felicitaciones por tan excelente modelo.<br \/>\n<a href=\"http:\/\/eltrenillo.org\/wp-content\/uploads\/2011\/02\/Tolvas-AFJ.jpg\"><img loading=\"lazy\" decoding=\"async\" class=\"aligncenter size-full wp-image-686\" title=\"Tolvas-AFJ\" src=\"http:\/\/eltrenillo.org\/wp-content\/uploads\/2011\/02\/Tolvas-AFJ.jpg\" alt=\"\" width=\"396\" height=\"600\" \/><\/a><br \/>\n<img loading=\"lazy\" decoding=\"async\" src=\"http:\/\/eltrenillo.org\/wp-content\/uploads\/2010\/05\/LOGOFEAAF.jpg\" alt=\"\" width=\"95\" height=\"115\" \/> <img loading=\"lazy\" decoding=\"async\" src=\"http:\/\/www.amigosdelferrocarril.es\/FEAAF\/logos\/logojarama.jpg\" alt=\"\" width=\"86\" height=\"150\" \/><\/p>\n<div style=\"text-align: left;\">Gracias a ambas asociaciones<\/div>\n","protected":false},"excerpt":{"rendered":"<p>Gracias a la iniciativa de la Asociaci\u00f3n Jarama, de Madrid, y a la Federaci\u00f3n Espa\u00f1ola de Asociaciones de Amigos del Ferrocarril,\u00a0ha sido posible plasmar una iniciativa largamente planeada y deseada,\u00a0la reproducci\u00f3n de las tolvas de cereales del Ministerio de Agricultura que en los a\u00f1os 70 y 80 llevaron grano de una punta a otra de &hellip; <a href=\"https:\/\/www.eltrenillo.com\/?p=683\" class=\"more-link\">Continuar leyendo<span class=\"screen-reader-text\"> \u00abLas tolvas del Ministerio de Agricultura.\u00bb<\/span><\/a><\/p>\n","protected":false},"author":1,"featured_media":0,"comment_status":"open","ping_status":"open","sticky":false,"template":"","format":"standard","meta":{"footnotes":""},"categories":[5],"tags":[],"class_list":["post-683","post","type-post","status-publish","format-standard","hentry","category-noticias-de-interes"],"_links":{"self":[{"href":"https:\/\/www.eltrenillo.com\/index.php?rest_route=\/wp\/v2\/posts\/683","targetHints":{"allow":["GET"]}}],"collection":[{"href":"https:\/\/www.eltrenillo.com\/index.php?rest_route=\/wp\/v2\/posts"}],"about":[{"href":"https:\/\/www.eltrenillo.com\/index.php?rest_route=\/wp\/v2\/types\/post"}],"author":[{"embeddable":true,"href":"https:\/\/www.eltrenillo.com\/index.php?rest_route=\/wp\/v2\/users\/1"}],"replies":[{"embeddable":true,"href":"https:\/\/www.eltrenillo.com\/index.php?rest_route=%2Fwp%2Fv2%2Fcomments&post=683"}],"version-history":[{"count":5,"href":"https:\/\/www.eltrenillo.com\/index.php?rest_route=\/wp\/v2\/posts\/683\/revisions"}],"predecessor-version":[{"id":702,"href":"https:\/\/www.eltrenillo.com\/index.php?rest_route=\/wp\/v2\/posts\/683\/revisions\/702"}],"wp:attachment":[{"href":"https:\/\/www.eltrenillo.com\/index.php?rest_route=%2Fwp%2Fv2%2Fmedia&parent=683"}],"wp:term":[{"taxonomy":"category","embeddable":true,"href":"https:\/\/www.eltrenillo.com\/index.php?rest_route=%2Fwp%2Fv2%2Fcategories&post=683"},{"taxonomy":"post_tag","embeddable":true,"href":"https:\/\/www.eltrenillo.com\/index.php?rest_route=%2Fwp%2Fv2%2Ftags&post=683"}],"curies":[{"name":"wp","href":"https:\/\/api.w.org\/{rel}","templated":true}]}}