{"id":67,"date":"2010-05-31T16:36:23","date_gmt":"2010-05-31T14:36:23","guid":{"rendered":"http:\/\/eltrenillo.org\/?p=67"},"modified":"2010-06-03T22:07:20","modified_gmt":"2010-06-03T20:07:20","slug":"la-unidad-suiza-en-valdepenas","status":"publish","type":"post","link":"https:\/\/www.eltrenillo.com\/?p=67","title":{"rendered":"La unidad de tren \u00absuiza\u00bb en Valdepe\u00f1as"},"content":{"rendered":"<p>El pasado 14 de noviembre,\u00a0 tuvimos la enorme satisfacci\u00f3n de recibir la visita de nuestros amigos de la Asociaci\u00f3n de Amigos del Ferrocarril de Madrid, con su restaurada unidad automotriz, conocida como SUIZA.<\/p>\n<p>Todos pasamos un d\u00eda excelente, donde pudieron disfrutar de la gastrononom\u00eda local, y de postre, una visita al Museo Municipal.<\/p>\n<p>Nos consta que mucha gente se qued\u00f3 con ganas de repetir&#8230; asi que&#8230;<\/p>\n<p>\u00a1\u00a1 HASTA LA PR\u00d3XIMA \u00a1\u00a1<\/p>\n<p><a href=\"http:\/\/eltrenillo.org\/wp-content\/uploads\/2010\/05\/SUIZA.jpg\"><img loading=\"lazy\" decoding=\"async\" class=\"aligncenter size-full wp-image-68\" title=\"SUIZA\" src=\"http:\/\/eltrenillo.org\/wp-content\/uploads\/2010\/05\/SUIZA.jpg\" alt=\"SUIZA\" width=\"563\" height=\"800\" srcset=\"https:\/\/www.eltrenillo.com\/wp-content\/uploads\/2010\/05\/SUIZA.jpg 563w, https:\/\/www.eltrenillo.com\/wp-content\/uploads\/2010\/05\/SUIZA-105x150.jpg 105w, https:\/\/www.eltrenillo.com\/wp-content\/uploads\/2010\/05\/SUIZA-422x600.jpg 422w\" sizes=\"auto, (max-width: 563px) 85vw, 563px\" \/><\/a><\/p>\n","protected":false},"excerpt":{"rendered":"<p>El pasado 14 de noviembre,\u00a0 tuvimos la enorme satisfacci\u00f3n de recibir la visita de nuestros amigos de la Asociaci\u00f3n de Amigos del Ferrocarril de Madrid, con su restaurada unidad automotriz, conocida como SUIZA. Todos pasamos un d\u00eda excelente, donde pudieron disfrutar de la gastrononom\u00eda local, y de postre, una visita al Museo Municipal. Nos consta &hellip; <a href=\"https:\/\/www.eltrenillo.com\/?p=67\" class=\"more-link\">Continuar leyendo<span class=\"screen-reader-text\"> \u00abLa unidad de tren \u00absuiza\u00bb en Valdepe\u00f1as\u00bb<\/span><\/a><\/p>\n","protected":false},"author":1,"featured_media":0,"comment_status":"open","ping_status":"open","sticky":false,"template":"","format":"standard","meta":{"footnotes":""},"categories":[3],"tags":[],"class_list":["post-67","post","type-post","status-publish","format-standard","hentry","category-actividades"],"_links":{"self":[{"href":"https:\/\/www.eltrenillo.com\/index.php?rest_route=\/wp\/v2\/posts\/67","targetHints":{"allow":["GET"]}}],"collection":[{"href":"https:\/\/www.eltrenillo.com\/index.php?rest_route=\/wp\/v2\/posts"}],"about":[{"href":"https:\/\/www.eltrenillo.com\/index.php?rest_route=\/wp\/v2\/types\/post"}],"author":[{"embeddable":true,"href":"https:\/\/www.eltrenillo.com\/index.php?rest_route=\/wp\/v2\/users\/1"}],"replies":[{"embeddable":true,"href":"https:\/\/www.eltrenillo.com\/index.php?rest_route=%2Fwp%2Fv2%2Fcomments&post=67"}],"version-history":[{"count":2,"href":"https:\/\/www.eltrenillo.com\/index.php?rest_route=\/wp\/v2\/posts\/67\/revisions"}],"predecessor-version":[{"id":116,"href":"https:\/\/www.eltrenillo.com\/index.php?rest_route=\/wp\/v2\/posts\/67\/revisions\/116"}],"wp:attachment":[{"href":"https:\/\/www.eltrenillo.com\/index.php?rest_route=%2Fwp%2Fv2%2Fmedia&parent=67"}],"wp:term":[{"taxonomy":"category","embeddable":true,"href":"https:\/\/www.eltrenillo.com\/index.php?rest_route=%2Fwp%2Fv2%2Fcategories&post=67"},{"taxonomy":"post_tag","embeddable":true,"href":"https:\/\/www.eltrenillo.com\/index.php?rest_route=%2Fwp%2Fv2%2Ftags&post=67"}],"curies":[{"name":"wp","href":"https:\/\/api.w.org\/{rel}","templated":true}]}}