{"id":647,"date":"2011-02-01T01:51:43","date_gmt":"2011-01-31T23:51:43","guid":{"rendered":"http:\/\/eltrenillo.org\/?p=647"},"modified":"2011-02-04T22:14:30","modified_gmt":"2011-02-04T20:14:30","slug":"grandes-expresos-europeos-en-ho","status":"publish","type":"post","link":"https:\/\/www.eltrenillo.com\/?p=647","title":{"rendered":"Grandes Expresos Europeos&#8230; en Ho."},"content":{"rendered":"<p>Gracias a la Web-Cam instalada en nuestra maqueta, podemos disfrutar de v\u00eddeos tan interesantes como \u00e9ste&#8230;<\/p>\n<p>en \u00e9ste caso, \u00a0un t\u00edpico expreso \u00a0de un expreso \u00a0de RENFE en los 80.<\/p>\n<p>Gracias a cardenas449\u00a1\u00a1<\/p>\n<p><object type=\"application\/x-shockwave-flash\" width=\"400\" height=\"225\" data=\"http:\/\/www.flickr.com\/apps\/video\/stewart.swf?v=71377\" classid=\"clsid:D27CDB6E-AE6D-11cf-96B8-444553540000\"><param name=\"flashvars\" value=\"intl_lang=es-us&#038;photo_secret=93e8338bd1&#038;photo_id=5405131971\"><\/param><param name=\"movie\" value=\"http:\/\/www.flickr.com\/apps\/video\/stewart.swf?v=71377\"><\/param><param name=\"bgcolor\" value=\"#000000\"><\/param><param name=\"allowFullScreen\" value=\"true\"><\/param><embed type=\"application\/x-shockwave-flash\" src=\"http:\/\/www.flickr.com\/apps\/video\/stewart.swf?v=71377\" bgcolor=\"#000000\" allowfullscreen=\"true\" flashvars=\"intl_lang=es-us&#038;photo_secret=93e8338bd1&#038;photo_id=5405131971\" height=\"225\" width=\"400\"><\/embed><\/object><\/p>\n","protected":false},"excerpt":{"rendered":"<p>Gracias a la Web-Cam instalada en nuestra maqueta, podemos disfrutar de v\u00eddeos tan interesantes como \u00e9ste&#8230; en \u00e9ste caso, \u00a0un t\u00edpico expreso \u00a0de un expreso \u00a0de RENFE en los 80. Gracias a cardenas449\u00a1\u00a1<\/p>\n","protected":false},"author":1,"featured_media":0,"comment_status":"open","ping_status":"open","sticky":false,"template":"","format":"standard","meta":{"footnotes":""},"categories":[8],"tags":[],"class_list":["post-647","post","type-post","status-publish","format-standard","hentry","category-seleccion-de-videos-y-fotografias"],"_links":{"self":[{"href":"https:\/\/www.eltrenillo.com\/index.php?rest_route=\/wp\/v2\/posts\/647","targetHints":{"allow":["GET"]}}],"collection":[{"href":"https:\/\/www.eltrenillo.com\/index.php?rest_route=\/wp\/v2\/posts"}],"about":[{"href":"https:\/\/www.eltrenillo.com\/index.php?rest_route=\/wp\/v2\/types\/post"}],"author":[{"embeddable":true,"href":"https:\/\/www.eltrenillo.com\/index.php?rest_route=\/wp\/v2\/users\/1"}],"replies":[{"embeddable":true,"href":"https:\/\/www.eltrenillo.com\/index.php?rest_route=%2Fwp%2Fv2%2Fcomments&post=647"}],"version-history":[{"count":7,"href":"https:\/\/www.eltrenillo.com\/index.php?rest_route=\/wp\/v2\/posts\/647\/revisions"}],"predecessor-version":[{"id":655,"href":"https:\/\/www.eltrenillo.com\/index.php?rest_route=\/wp\/v2\/posts\/647\/revisions\/655"}],"wp:attachment":[{"href":"https:\/\/www.eltrenillo.com\/index.php?rest_route=%2Fwp%2Fv2%2Fmedia&parent=647"}],"wp:term":[{"taxonomy":"category","embeddable":true,"href":"https:\/\/www.eltrenillo.com\/index.php?rest_route=%2Fwp%2Fv2%2Fcategories&post=647"},{"taxonomy":"post_tag","embeddable":true,"href":"https:\/\/www.eltrenillo.com\/index.php?rest_route=%2Fwp%2Fv2%2Ftags&post=647"}],"curies":[{"name":"wp","href":"https:\/\/api.w.org\/{rel}","templated":true}]}}