{"id":49,"date":"2010-05-31T16:04:16","date_gmt":"2010-05-31T14:04:16","guid":{"rendered":"http:\/\/eltrenillo.org\/?p=49"},"modified":"2010-06-03T22:12:09","modified_gmt":"2010-06-03T20:12:09","slug":"49","status":"publish","type":"post","link":"https:\/\/www.eltrenillo.com\/?p=49","title":{"rendered":"FEAFF: II Congreso Ib\u00e9rico de Amigos del Ferrocarril"},"content":{"rendered":"<p><a href=\"http:\/\/eltrenillo.org\/wp-content\/uploads\/2010\/05\/LOGOFEAAF.jpg\"><img loading=\"lazy\" decoding=\"async\" class=\"aligncenter size-full wp-image-44\" title=\"LOGOFEAAF\" src=\"http:\/\/eltrenillo.org\/wp-content\/uploads\/2010\/05\/LOGOFEAAF.jpg\" alt=\"LOGOFEAAF\" width=\"95\" height=\"115\" \/><\/a><\/p>\n<p>Os enviamos la \u00faltima actualizaci\u00f3n que gentilmente nos ha enviado el comit\u00e9 organizador de la Associaci\u00f3 d&#8217;Amics del Ferrocarril de Balears, como ver\u00e9is incluye\u00a0 ya la documentaci\u00f3n necesaria para poder realizar el proceso de inscripci\u00f3n al XLVIII Congreso de la Federaci\u00f3n Espa\u00f1ola de Asociaciones de Amigos del Ferrocarril (FEAAF) y a su vez el II Congreso Ib\u00e9rico de Amigos del Ferrocarril, a celebrar en el mes de octubre en Palma de Mallorca.<\/p>\n<p>Junta Directiva FEAAF<\/p>\n<p>Enlaces del XLVIII Congreso de la Federaci\u00f3n Espa\u00f1ola de Asociaciones de Amigos del Ferrocarril en Palma de Mallorca<\/p>\n<p>Enlace del Congreso:\u00a0\u00a0\u00a0\u00a0\u00a0 \u00a0\u00a0\u00a0\u00a0\u00a0\u00a0\u00a0\u00a0\u00a0\u00a0\u00a0\u00a0\u00a0\u00a0\u00a0 <a href=\"http:\/\/congreso.aafb.es\/\">http:\/\/congreso.aafb.es<\/a><br \/>\nEnlace de inscripci\u00f3n: \u00a0\u00a0\u00a0 \u00a0\u00a0\u00a0\u00a0\u00a0\u00a0\u00a0\u00a0\u00a0\u00a0\u00a0\u00a0\u00a0\u00a0\u00a0 <a href=\"http:\/\/congreso.aafb.es\/congreso\/organizacion\/article\/documentacion-e-inscripciones\">http:\/\/congreso.aafb.es\/congreso\/organizacion\/article\/documentacion-e-inscripciones<\/a><\/p>\n<p>Informaci\u00f3n del Congreso:\u00a0\u00a0\u00a0\u00a0\u00a0\u00a0\u00a0\u00a0\u00a0 <a href=\"http:\/\/congreso.aafb.es\/IMG\/pdf\/XLVIII_Congreso_FEAAF_v042010.pdf\">http:\/\/congreso.aafb.es\/IMG\/pdf\/XLVIII_Congreso_FEAAF_v042010.pdf<\/a><\/p>\n<p>Ficha de Inscripci\u00f3n: \u00a0\u00a0\u00a0\u00a0\u00a0\u00a0\u00a0\u00a0\u00a0\u00a0\u00a0\u00a0\u00a0\u00a0\u00a0\u00a0\u00a0\u00a0\u00a0\u00a0\u00a0 <a href=\"http:\/\/congreso.aafb.es\/IMG\/pdf\/Ficha_inscripcion_v1504.pdf\">http:\/\/congreso.aafb.es\/IMG\/pdf\/Ficha_inscripcion_v1504.pdf<\/a><\/p>\n","protected":false},"excerpt":{"rendered":"<p>Os enviamos la \u00faltima actualizaci\u00f3n que gentilmente nos ha enviado el comit\u00e9 organizador de la Associaci\u00f3 d&#8217;Amics del Ferrocarril de Balears, como ver\u00e9is incluye\u00a0 ya la documentaci\u00f3n necesaria para poder realizar el proceso de inscripci\u00f3n al XLVIII Congreso de la Federaci\u00f3n Espa\u00f1ola de Asociaciones de Amigos del Ferrocarril (FEAAF) y a su vez el II &hellip; <a href=\"https:\/\/www.eltrenillo.com\/?p=49\" class=\"more-link\">Continuar leyendo<span class=\"screen-reader-text\"> \u00abFEAFF: II Congreso Ib\u00e9rico de Amigos del Ferrocarril\u00bb<\/span><\/a><\/p>\n","protected":false},"author":1,"featured_media":0,"comment_status":"open","ping_status":"open","sticky":false,"template":"","format":"standard","meta":{"footnotes":""},"categories":[5],"tags":[],"class_list":["post-49","post","type-post","status-publish","format-standard","hentry","category-noticias-de-interes"],"_links":{"self":[{"href":"https:\/\/www.eltrenillo.com\/index.php?rest_route=\/wp\/v2\/posts\/49","targetHints":{"allow":["GET"]}}],"collection":[{"href":"https:\/\/www.eltrenillo.com\/index.php?rest_route=\/wp\/v2\/posts"}],"about":[{"href":"https:\/\/www.eltrenillo.com\/index.php?rest_route=\/wp\/v2\/types\/post"}],"author":[{"embeddable":true,"href":"https:\/\/www.eltrenillo.com\/index.php?rest_route=\/wp\/v2\/users\/1"}],"replies":[{"embeddable":true,"href":"https:\/\/www.eltrenillo.com\/index.php?rest_route=%2Fwp%2Fv2%2Fcomments&post=49"}],"version-history":[{"count":4,"href":"https:\/\/www.eltrenillo.com\/index.php?rest_route=\/wp\/v2\/posts\/49\/revisions"}],"predecessor-version":[{"id":123,"href":"https:\/\/www.eltrenillo.com\/index.php?rest_route=\/wp\/v2\/posts\/49\/revisions\/123"}],"wp:attachment":[{"href":"https:\/\/www.eltrenillo.com\/index.php?rest_route=%2Fwp%2Fv2%2Fmedia&parent=49"}],"wp:term":[{"taxonomy":"category","embeddable":true,"href":"https:\/\/www.eltrenillo.com\/index.php?rest_route=%2Fwp%2Fv2%2Fcategories&post=49"},{"taxonomy":"post_tag","embeddable":true,"href":"https:\/\/www.eltrenillo.com\/index.php?rest_route=%2Fwp%2Fv2%2Ftags&post=49"}],"curies":[{"name":"wp","href":"https:\/\/api.w.org\/{rel}","templated":true}]}}