{"id":1865,"date":"2017-03-21T22:18:58","date_gmt":"2017-03-21T20:18:58","guid":{"rendered":"http:\/\/www.eltrenillo.org\/?p=1865"},"modified":"2017-03-21T22:18:58","modified_gmt":"2017-03-21T20:18:58","slug":"asamblea-2017-y-renovacion-junta-directiva","status":"publish","type":"post","link":"https:\/\/www.eltrenillo.com\/?p=1865","title":{"rendered":"ASAMBLEA 2017 y RENOVACI\u00d3N JUNTA DIRECTIVA."},"content":{"rendered":"<p><a href=\"http:\/\/www.eltrenillo.org\/wp-content\/uploads\/2011\/02\/membrete21.jpg\"><img loading=\"lazy\" decoding=\"async\" class=\"aligncenter  wp-image-697\" src=\"http:\/\/www.eltrenillo.org\/wp-content\/uploads\/2011\/02\/membrete21.jpg\" alt=\"membrete21.jpg\" width=\"236\" height=\"76\" \/><\/a><\/p>\n<p>El pasado 18 de marzo de 2017, \u00a0se celebr\u00f3 la habitual \u00a0Asamblea Ordinaria, que entre \u00a0otros puntos \u00a0inclu\u00eda la renovaci\u00f3n de \u00a0la Junta Directiva.<\/p>\n<p>\u00c9sta ha sido renovada en sus puestos, continuando los \u00a0componentes anteriores:<\/p>\n<p>PRESIDENTE: V\u00cdCTOR N\u00c1JERA.<\/p>\n<p>SECRETARIO. J IV\u00c1N HERRERA.<\/p>\n<p>TESORERO.JES\u00daS LOZANO.<\/p>\n<p>VOCAL DE MODELISMO. PEDRO E. CRUZ.<\/p>\n<p>VOCAL DE ACTIVIDADES. ANTONIO L\u00d3PEZ.<\/p>\n<p>Entre otros detalles, se \u00a0 aprob\u00f3 \u00a0incluir la posibilidad de \u00a0disfrutar \u00a0a corto plazo, en nuestra maqueta, de las ventajas de los trenes digitales a escala HO. (C\/C)<\/p>\n<p>Tambi\u00e9n se plantearon las futuras actividades, de las que ya podemos avanzar, que hay alguna \u00absorpresa\u00bb.<\/p>\n<p>Un saludo:<\/p>\n<p>AVAAF El Trenillo.<\/p>\n","protected":false},"excerpt":{"rendered":"<p>El pasado 18 de marzo de 2017, \u00a0se celebr\u00f3 la habitual \u00a0Asamblea Ordinaria, que entre \u00a0otros puntos \u00a0inclu\u00eda la renovaci\u00f3n de \u00a0la Junta Directiva. \u00c9sta ha sido renovada en sus puestos, continuando los \u00a0componentes anteriores: PRESIDENTE: V\u00cdCTOR N\u00c1JERA. SECRETARIO. J IV\u00c1N HERRERA. TESORERO.JES\u00daS LOZANO. VOCAL DE MODELISMO. PEDRO E. CRUZ. VOCAL DE ACTIVIDADES. ANTONIO L\u00d3PEZ. &hellip; <a href=\"https:\/\/www.eltrenillo.com\/?p=1865\" class=\"more-link\">Continuar leyendo<span class=\"screen-reader-text\"> \u00abASAMBLEA 2017 y RENOVACI\u00d3N JUNTA DIRECTIVA.\u00bb<\/span><\/a><\/p>\n","protected":false},"author":1,"featured_media":0,"comment_status":"closed","ping_status":"closed","sticky":false,"template":"","format":"standard","meta":{"footnotes":""},"categories":[3,5],"tags":[],"class_list":["post-1865","post","type-post","status-publish","format-standard","hentry","category-actividades","category-noticias-de-interes"],"_links":{"self":[{"href":"https:\/\/www.eltrenillo.com\/index.php?rest_route=\/wp\/v2\/posts\/1865","targetHints":{"allow":["GET"]}}],"collection":[{"href":"https:\/\/www.eltrenillo.com\/index.php?rest_route=\/wp\/v2\/posts"}],"about":[{"href":"https:\/\/www.eltrenillo.com\/index.php?rest_route=\/wp\/v2\/types\/post"}],"author":[{"embeddable":true,"href":"https:\/\/www.eltrenillo.com\/index.php?rest_route=\/wp\/v2\/users\/1"}],"replies":[{"embeddable":true,"href":"https:\/\/www.eltrenillo.com\/index.php?rest_route=%2Fwp%2Fv2%2Fcomments&post=1865"}],"version-history":[{"count":2,"href":"https:\/\/www.eltrenillo.com\/index.php?rest_route=\/wp\/v2\/posts\/1865\/revisions"}],"predecessor-version":[{"id":1867,"href":"https:\/\/www.eltrenillo.com\/index.php?rest_route=\/wp\/v2\/posts\/1865\/revisions\/1867"}],"wp:attachment":[{"href":"https:\/\/www.eltrenillo.com\/index.php?rest_route=%2Fwp%2Fv2%2Fmedia&parent=1865"}],"wp:term":[{"taxonomy":"category","embeddable":true,"href":"https:\/\/www.eltrenillo.com\/index.php?rest_route=%2Fwp%2Fv2%2Fcategories&post=1865"},{"taxonomy":"post_tag","embeddable":true,"href":"https:\/\/www.eltrenillo.com\/index.php?rest_route=%2Fwp%2Fv2%2Ftags&post=1865"}],"curies":[{"name":"wp","href":"https:\/\/api.w.org\/{rel}","templated":true}]}}