{"id":1646,"date":"2015-06-25T14:22:51","date_gmt":"2015-06-25T12:22:51","guid":{"rendered":"http:\/\/www.eltrenillo.org\/?p=1646"},"modified":"2015-06-25T14:22:51","modified_gmt":"2015-06-25T12:22:51","slug":"pequeno-incendio-en-el-entorno-de-la-estacion-de-valdepenas","status":"publish","type":"post","link":"https:\/\/www.eltrenillo.com\/?p=1646","title":{"rendered":"Peque\u00f1o incendio en el entorno de la Estaci\u00f3n de Valdepe\u00f1as"},"content":{"rendered":"<p>El pasado 23 de junio tuvo lugar un peque\u00f1o incendio en las proximidades de la Estaci\u00f3n ADIF de Valdepe\u00f1as, cerca de una antigua bodega.<\/p>\n<p>&nbsp;<\/p>\n<p>Gracias a la r\u00e1pida intervenci\u00f3n del personal de la estaci\u00f3n y los profesionales de Polic\u00eda Municipal de Valdepe\u00f1as y Bomberos de Emergencia Ciudad Real, ning\u00fan elemento ferroviario se vio afectado, por lo que la circulaci\u00f3n de los trenes no se vio alterada.<\/p>\n<p>&nbsp;<\/p>\n<p>Os dejamos algunas im\u00e1genes que ilustran el incendio&#8230;<\/p>\n<p>&nbsp;<\/p>\n<p><a href=\"http:\/\/www.eltrenillo.org\/wp-content\/uploads\/2015\/06\/DSC_0059-e1435234622712.jpg\"><img loading=\"lazy\" decoding=\"async\" class=\"aligncenter wp-image-1647\" src=\"http:\/\/www.eltrenillo.org\/wp-content\/uploads\/2015\/06\/DSC_0059-e1435234622712.jpg\" alt=\"DSC_0059\" width=\"700\" height=\"394\" \/><\/a> <a href=\"http:\/\/www.eltrenillo.org\/wp-content\/uploads\/2015\/06\/DSC_0078-e1435234651285.jpg\"><img loading=\"lazy\" decoding=\"async\" class=\"aligncenter wp-image-1648\" src=\"http:\/\/www.eltrenillo.org\/wp-content\/uploads\/2015\/06\/DSC_0078-e1435234651285.jpg\" alt=\"DSC_0078\" width=\"668\" height=\"376\" \/><\/a> <a href=\"http:\/\/www.eltrenillo.org\/wp-content\/uploads\/2015\/06\/DSC_0116-e1435234681852.jpg\"><img loading=\"lazy\" decoding=\"async\" class=\"aligncenter wp-image-1649\" src=\"http:\/\/www.eltrenillo.org\/wp-content\/uploads\/2015\/06\/DSC_0116-e1435234681852.jpg\" alt=\"DSC_0116\" width=\"604\" height=\"340\" \/><\/a><\/p>\n","protected":false},"excerpt":{"rendered":"<p>El pasado 23 de junio tuvo lugar un peque\u00f1o incendio en las proximidades de la Estaci\u00f3n ADIF de Valdepe\u00f1as, cerca de una antigua bodega. &nbsp; Gracias a la r\u00e1pida intervenci\u00f3n del personal de la estaci\u00f3n y los profesionales de Polic\u00eda Municipal de Valdepe\u00f1as y Bomberos de Emergencia Ciudad Real, ning\u00fan elemento ferroviario se vio afectado, &hellip; <a href=\"https:\/\/www.eltrenillo.com\/?p=1646\" class=\"more-link\">Continuar leyendo<span class=\"screen-reader-text\"> \u00abPeque\u00f1o incendio en el entorno de la Estaci\u00f3n de Valdepe\u00f1as\u00bb<\/span><\/a><\/p>\n","protected":false},"author":1,"featured_media":0,"comment_status":"closed","ping_status":"closed","sticky":false,"template":"","format":"standard","meta":{"footnotes":""},"categories":[5,4,8],"tags":[],"class_list":["post-1646","post","type-post","status-publish","format-standard","hentry","category-noticias-de-interes","category-noticias-del-ferrocarril","category-seleccion-de-videos-y-fotografias"],"_links":{"self":[{"href":"https:\/\/www.eltrenillo.com\/index.php?rest_route=\/wp\/v2\/posts\/1646","targetHints":{"allow":["GET"]}}],"collection":[{"href":"https:\/\/www.eltrenillo.com\/index.php?rest_route=\/wp\/v2\/posts"}],"about":[{"href":"https:\/\/www.eltrenillo.com\/index.php?rest_route=\/wp\/v2\/types\/post"}],"author":[{"embeddable":true,"href":"https:\/\/www.eltrenillo.com\/index.php?rest_route=\/wp\/v2\/users\/1"}],"replies":[{"embeddable":true,"href":"https:\/\/www.eltrenillo.com\/index.php?rest_route=%2Fwp%2Fv2%2Fcomments&post=1646"}],"version-history":[{"count":7,"href":"https:\/\/www.eltrenillo.com\/index.php?rest_route=\/wp\/v2\/posts\/1646\/revisions"}],"predecessor-version":[{"id":1656,"href":"https:\/\/www.eltrenillo.com\/index.php?rest_route=\/wp\/v2\/posts\/1646\/revisions\/1656"}],"wp:attachment":[{"href":"https:\/\/www.eltrenillo.com\/index.php?rest_route=%2Fwp%2Fv2%2Fmedia&parent=1646"}],"wp:term":[{"taxonomy":"category","embeddable":true,"href":"https:\/\/www.eltrenillo.com\/index.php?rest_route=%2Fwp%2Fv2%2Fcategories&post=1646"},{"taxonomy":"post_tag","embeddable":true,"href":"https:\/\/www.eltrenillo.com\/index.php?rest_route=%2Fwp%2Fv2%2Ftags&post=1646"}],"curies":[{"name":"wp","href":"https:\/\/api.w.org\/{rel}","templated":true}]}}