{"id":1616,"date":"2014-11-14T14:16:38","date_gmt":"2014-11-14T12:16:38","guid":{"rendered":"http:\/\/www.eltrenillo.org\/?p=1616"},"modified":"2014-11-14T14:16:38","modified_gmt":"2014-11-14T12:16:38","slug":"entrevista-a-nuestro-presidente-victor-najera-en-advaldepenas","status":"publish","type":"post","link":"https:\/\/www.eltrenillo.com\/?p=1616","title":{"rendered":"Entrevista a nuestro presidente, V\u00edctor N\u00e1jera, en ADVALDEPE\u00d1AS"},"content":{"rendered":"<p>El medio digital \u00abADVALDEPE\u00d1AS\u00bb (<a href=\"http:\/\/www.advaldepenas.com\">www.advaldepenas.com<\/a>) ha realizado una entrevista a nuestro presidente, en la que se tratan aspectos como el origen de nuestra asociaci\u00f3n, el perfil de nuestros socios, nuestras actividades&#8230;<\/p>\n<p>&nbsp;<\/p>\n<p>&nbsp;<\/p>\n<p><a href=\"http:\/\/www.eltrenillo.org\/wp-content\/uploads\/2014\/11\/Captura-entrevista.jpg\"><img loading=\"lazy\" decoding=\"async\" class=\"aligncenter wp-image-1617\" src=\"http:\/\/www.eltrenillo.org\/wp-content\/uploads\/2014\/11\/Captura-entrevista.jpg\" alt=\"Captura entrevista a V\u00edctor N\u00e1jera en ADVALDEPE\u00d1AS\" width=\"550\" height=\"622\" srcset=\"https:\/\/www.eltrenillo.com\/wp-content\/uploads\/2014\/11\/Captura-entrevista.jpg 692w, https:\/\/www.eltrenillo.com\/wp-content\/uploads\/2014\/11\/Captura-entrevista-442x500.jpg 442w\" sizes=\"auto, (max-width: 550px) 85vw, 550px\" \/><\/a><\/p>\n<p>&nbsp;<\/p>\n<p>&nbsp;<\/p>\n<p>Pod\u00e9is consultar la entrevista completa a trav\u00e9s del siguiente enlace:<\/p>\n<p>&nbsp;<\/p>\n<p><a href=\"http:\/\/www.advaldepenas.com\/articulo\/cultura\/victor-najera-aficion-tren-nos-viene-pequenos-quizas-paseos-dabas-abuelo-estacion\/20141114000355037660.html\">http:\/\/www.advaldepenas.com\/articulo\/cultura\/victor-najera-aficion-tren-nos-viene-pequenos-quizas-paseos-dabas-abuelo-estacion\/20141114000355037660.html<\/a><\/p>\n<p>&nbsp;<\/p>\n<p>Desde aqu\u00ed, la enhorabuena a nuestro presidente, y nuestro sincero agradecimiento a ADVALDEPE\u00d1AS.<\/p>\n","protected":false},"excerpt":{"rendered":"<p>El medio digital \u00abADVALDEPE\u00d1AS\u00bb (www.advaldepenas.com) ha realizado una entrevista a nuestro presidente, en la que se tratan aspectos como el origen de nuestra asociaci\u00f3n, el perfil de nuestros socios, nuestras actividades&#8230; &nbsp; &nbsp; &nbsp; &nbsp; Pod\u00e9is consultar la entrevista completa a trav\u00e9s del siguiente enlace: &nbsp; http:\/\/www.advaldepenas.com\/articulo\/cultura\/victor-najera-aficion-tren-nos-viene-pequenos-quizas-paseos-dabas-abuelo-estacion\/20141114000355037660.html &nbsp; Desde aqu\u00ed, la enhorabuena a nuestro presidente, &hellip; <a href=\"https:\/\/www.eltrenillo.com\/?p=1616\" class=\"more-link\">Continuar leyendo<span class=\"screen-reader-text\"> \u00abEntrevista a nuestro presidente, V\u00edctor N\u00e1jera, en ADVALDEPE\u00d1AS\u00bb<\/span><\/a><\/p>\n","protected":false},"author":1,"featured_media":0,"comment_status":"closed","ping_status":"closed","sticky":false,"template":"","format":"standard","meta":{"footnotes":""},"categories":[3,5,4,8],"tags":[],"class_list":["post-1616","post","type-post","status-publish","format-standard","hentry","category-actividades","category-noticias-de-interes","category-noticias-del-ferrocarril","category-seleccion-de-videos-y-fotografias"],"_links":{"self":[{"href":"https:\/\/www.eltrenillo.com\/index.php?rest_route=\/wp\/v2\/posts\/1616","targetHints":{"allow":["GET"]}}],"collection":[{"href":"https:\/\/www.eltrenillo.com\/index.php?rest_route=\/wp\/v2\/posts"}],"about":[{"href":"https:\/\/www.eltrenillo.com\/index.php?rest_route=\/wp\/v2\/types\/post"}],"author":[{"embeddable":true,"href":"https:\/\/www.eltrenillo.com\/index.php?rest_route=\/wp\/v2\/users\/1"}],"replies":[{"embeddable":true,"href":"https:\/\/www.eltrenillo.com\/index.php?rest_route=%2Fwp%2Fv2%2Fcomments&post=1616"}],"version-history":[{"count":6,"href":"https:\/\/www.eltrenillo.com\/index.php?rest_route=\/wp\/v2\/posts\/1616\/revisions"}],"predecessor-version":[{"id":1623,"href":"https:\/\/www.eltrenillo.com\/index.php?rest_route=\/wp\/v2\/posts\/1616\/revisions\/1623"}],"wp:attachment":[{"href":"https:\/\/www.eltrenillo.com\/index.php?rest_route=%2Fwp%2Fv2%2Fmedia&parent=1616"}],"wp:term":[{"taxonomy":"category","embeddable":true,"href":"https:\/\/www.eltrenillo.com\/index.php?rest_route=%2Fwp%2Fv2%2Fcategories&post=1616"},{"taxonomy":"post_tag","embeddable":true,"href":"https:\/\/www.eltrenillo.com\/index.php?rest_route=%2Fwp%2Fv2%2Ftags&post=1616"}],"curies":[{"name":"wp","href":"https:\/\/api.w.org\/{rel}","templated":true}]}}