{"id":1550,"date":"2013-04-03T19:37:00","date_gmt":"2013-04-03T17:37:00","guid":{"rendered":"http:\/\/www.eltrenillo.org\/?p=1550"},"modified":"2013-04-03T19:37:00","modified_gmt":"2013-04-03T17:37:00","slug":"segunda-edicion-de-el-ferrocarril-en-la-mancha-el-trenillo","status":"publish","type":"post","link":"https:\/\/www.eltrenillo.com\/?p=1550","title":{"rendered":"Segunda Edici\u00f3n de El Ferrocarril en La Mancha  \u00abEl Trenillo\u00bb."},"content":{"rendered":"<p>Seg\u00fan nos informa su autor:<\/p>\n<ul>\n<li id=\"text-13\">\n<div>Ya est\u00e1 a la venta LA SEGUNDA EDICI\u00d3N de \u00a0el libro: \u00abEl ferrocarril en La Mancha: el \u00abtrenillo\u00bb de Valdepe\u00f1as a Puertollano.<\/div>\n<\/li>\n<li>\n<div>Es un amplio y muy minucioso trabajo de D. Miguel A. Maldonado, editado por la Diputaci\u00f3n Provincial. M\u00e1s informaci\u00f3n BIBLIOTECA DE AUTORES MANCHEGOS \u00abBAM\u00bb http:\/\/www.dipucr.es<\/div>\n<\/li>\n<li>Nuestras felicitaciones al autor.<\/li>\n<li>\n<div><a href=\"http:\/\/www.eltrenillo.org\/wp-content\/uploads\/2012\/10\/image0021.png\"><img loading=\"lazy\" decoding=\"async\" class=\"aligncenter  wp-image-1419\" alt=\"image002\" src=\"http:\/\/www.eltrenillo.org\/wp-content\/uploads\/2012\/10\/image0021.png\" width=\"256\" height=\"362\" srcset=\"https:\/\/www.eltrenillo.com\/wp-content\/uploads\/2012\/10\/image0021.png 427w, https:\/\/www.eltrenillo.com\/wp-content\/uploads\/2012\/10\/image0021-353x500.png 353w\" sizes=\"auto, (max-width: 256px) 85vw, 256px\" \/><\/a><\/div>\n<\/li>\n<\/ul>\n","protected":false},"excerpt":{"rendered":"<p>Seg\u00fan nos informa su autor: Ya est\u00e1 a la venta LA SEGUNDA EDICI\u00d3N de \u00a0el libro: \u00abEl ferrocarril en La Mancha: el \u00abtrenillo\u00bb de Valdepe\u00f1as a Puertollano. Es un amplio y muy minucioso trabajo de D. Miguel A. Maldonado, editado por la Diputaci\u00f3n Provincial. M\u00e1s informaci\u00f3n BIBLIOTECA DE AUTORES MANCHEGOS \u00abBAM\u00bb http:\/\/www.dipucr.es Nuestras felicitaciones al &hellip; <a href=\"https:\/\/www.eltrenillo.com\/?p=1550\" class=\"more-link\">Continuar leyendo<span class=\"screen-reader-text\"> \u00abSegunda Edici\u00f3n de El Ferrocarril en La Mancha  \u00abEl Trenillo\u00bb.\u00bb<\/span><\/a><\/p>\n","protected":false},"author":1,"featured_media":0,"comment_status":"closed","ping_status":"closed","sticky":false,"template":"","format":"standard","meta":{"footnotes":""},"categories":[6,5],"tags":[],"class_list":["post-1550","post","type-post","status-publish","format-standard","hentry","category-documentos-sobre-ferrocarril","category-noticias-de-interes"],"_links":{"self":[{"href":"https:\/\/www.eltrenillo.com\/index.php?rest_route=\/wp\/v2\/posts\/1550","targetHints":{"allow":["GET"]}}],"collection":[{"href":"https:\/\/www.eltrenillo.com\/index.php?rest_route=\/wp\/v2\/posts"}],"about":[{"href":"https:\/\/www.eltrenillo.com\/index.php?rest_route=\/wp\/v2\/types\/post"}],"author":[{"embeddable":true,"href":"https:\/\/www.eltrenillo.com\/index.php?rest_route=\/wp\/v2\/users\/1"}],"replies":[{"embeddable":true,"href":"https:\/\/www.eltrenillo.com\/index.php?rest_route=%2Fwp%2Fv2%2Fcomments&post=1550"}],"version-history":[{"count":2,"href":"https:\/\/www.eltrenillo.com\/index.php?rest_route=\/wp\/v2\/posts\/1550\/revisions"}],"predecessor-version":[{"id":1552,"href":"https:\/\/www.eltrenillo.com\/index.php?rest_route=\/wp\/v2\/posts\/1550\/revisions\/1552"}],"wp:attachment":[{"href":"https:\/\/www.eltrenillo.com\/index.php?rest_route=%2Fwp%2Fv2%2Fmedia&parent=1550"}],"wp:term":[{"taxonomy":"category","embeddable":true,"href":"https:\/\/www.eltrenillo.com\/index.php?rest_route=%2Fwp%2Fv2%2Fcategories&post=1550"},{"taxonomy":"post_tag","embeddable":true,"href":"https:\/\/www.eltrenillo.com\/index.php?rest_route=%2Fwp%2Fv2%2Ftags&post=1550"}],"curies":[{"name":"wp","href":"https:\/\/api.w.org\/{rel}","templated":true}]}}