{"id":1520,"date":"2012-12-22T01:01:50","date_gmt":"2012-12-21T23:01:50","guid":{"rendered":"http:\/\/www.eltrenillo.org\/?p=1520"},"modified":"2012-12-22T01:01:50","modified_gmt":"2012-12-21T23:01:50","slug":"el-libro-sobre-el-trenillo-presentado-en-alcazar","status":"publish","type":"post","link":"https:\/\/www.eltrenillo.com\/?p=1520","title":{"rendered":"El libro sobre  El Trenillo presentado en Alc\u00e1zar."},"content":{"rendered":"<p>Aqu\u00ed dejo un estupendo resumen del acto de presentaci\u00f3n del libro: \u00abEl ferrocarril en la mancha. El trenillo de Valdepe\u00f1as a Puertollano 1890 &#8211; 1963\u00bb de Miguel Antonio Maldonado Felipe, que tuvo lugar en el museo municipal de Alc\u00e1zar de San Juan, con la preciosa e inestimable colaboraci\u00f3n de la Camerata Cervantina.<\/p>\n<p>Muchas gracias a Alc\u00e1zar en el mundo por su apoyo siempre incondicional.<\/p>\n<p><a href=\"http:\/\/youtu.be\/ICuoOG_rRjE\">http:\/\/youtu.be\/ICuoOG_rRjE<\/a><\/p>\n<p>&nbsp;<\/p>\n","protected":false},"excerpt":{"rendered":"<p>Aqu\u00ed dejo un estupendo resumen del acto de presentaci\u00f3n del libro: \u00abEl ferrocarril en la mancha. El trenillo de Valdepe\u00f1as a Puertollano 1890 &#8211; 1963\u00bb de Miguel Antonio Maldonado Felipe, que tuvo lugar en el museo municipal de Alc\u00e1zar de San Juan, con la preciosa e inestimable colaboraci\u00f3n de la Camerata Cervantina. Muchas gracias a &hellip; <a href=\"https:\/\/www.eltrenillo.com\/?p=1520\" class=\"more-link\">Continuar leyendo<span class=\"screen-reader-text\"> \u00abEl libro sobre  El Trenillo presentado en Alc\u00e1zar.\u00bb<\/span><\/a><\/p>\n","protected":false},"author":1,"featured_media":0,"comment_status":"closed","ping_status":"closed","sticky":false,"template":"","format":"standard","meta":{"footnotes":""},"categories":[6,5,4],"tags":[],"class_list":["post-1520","post","type-post","status-publish","format-standard","hentry","category-documentos-sobre-ferrocarril","category-noticias-de-interes","category-noticias-del-ferrocarril"],"_links":{"self":[{"href":"https:\/\/www.eltrenillo.com\/index.php?rest_route=\/wp\/v2\/posts\/1520","targetHints":{"allow":["GET"]}}],"collection":[{"href":"https:\/\/www.eltrenillo.com\/index.php?rest_route=\/wp\/v2\/posts"}],"about":[{"href":"https:\/\/www.eltrenillo.com\/index.php?rest_route=\/wp\/v2\/types\/post"}],"author":[{"embeddable":true,"href":"https:\/\/www.eltrenillo.com\/index.php?rest_route=\/wp\/v2\/users\/1"}],"replies":[{"embeddable":true,"href":"https:\/\/www.eltrenillo.com\/index.php?rest_route=%2Fwp%2Fv2%2Fcomments&post=1520"}],"version-history":[{"count":1,"href":"https:\/\/www.eltrenillo.com\/index.php?rest_route=\/wp\/v2\/posts\/1520\/revisions"}],"predecessor-version":[{"id":1521,"href":"https:\/\/www.eltrenillo.com\/index.php?rest_route=\/wp\/v2\/posts\/1520\/revisions\/1521"}],"wp:attachment":[{"href":"https:\/\/www.eltrenillo.com\/index.php?rest_route=%2Fwp%2Fv2%2Fmedia&parent=1520"}],"wp:term":[{"taxonomy":"category","embeddable":true,"href":"https:\/\/www.eltrenillo.com\/index.php?rest_route=%2Fwp%2Fv2%2Fcategories&post=1520"},{"taxonomy":"post_tag","embeddable":true,"href":"https:\/\/www.eltrenillo.com\/index.php?rest_route=%2Fwp%2Fv2%2Ftags&post=1520"}],"curies":[{"name":"wp","href":"https:\/\/api.w.org\/{rel}","templated":true}]}}