{"id":1409,"date":"2012-09-04T13:28:03","date_gmt":"2012-09-04T11:28:03","guid":{"rendered":"http:\/\/www.eltrenillo.org\/?p=1409"},"modified":"2012-09-04T13:28:03","modified_gmt":"2012-09-04T11:28:03","slug":"tren-turistico-rio-eresma","status":"publish","type":"post","link":"https:\/\/www.eltrenillo.com\/?p=1409","title":{"rendered":"Tren tur\u00edstico RIO ERESMA."},"content":{"rendered":"<p><strong>Una vez finalizados los trabajos para su implantaci\u00f3n, la Asociaci\u00f3n de Amigos del Ferrocarril de Madrid, se dispone a iniciar el servicio del tren tur\u00edstico RIO ERESMA. <\/strong><\/p>\n<p><strong>Una iniciativa pionera en nuestro pa\u00eds, gestionado \u00edntegramente por \u00a0dicha Asociaci\u00f3n y que cuenta con el apoyo y colaboraci\u00f3n de Renfe Operadora, Adif, la Fundaci\u00f3n de los Ferrocarriles Espa\u00f1oles, el Ayuntamiento de Segovia y la Empresa Municipal de Turismo de Segovia. (texto fotos AAF MAdrid)<\/strong><\/p>\n<p>M\u00e1s informaci\u00f3n en <a href=\"http:\/\/www.trenrioeresma.es\/\" target=\"_blank\">WWW.TRENRIOERESMA.ES<\/a><\/p>\n<p><img loading=\"lazy\" decoding=\"async\" class=\"alignnone\" src=\"http:\/\/www.aafmadrid.es\/images\/Noticias\/2012\/eresma_cartel.jpg\" alt=\"\" width=\"334\" height=\"470\" \/><\/p>\n","protected":false},"excerpt":{"rendered":"<p>Una vez finalizados los trabajos para su implantaci\u00f3n, la Asociaci\u00f3n de Amigos del Ferrocarril de Madrid, se dispone a iniciar el servicio del tren tur\u00edstico RIO ERESMA. Una iniciativa pionera en nuestro pa\u00eds, gestionado \u00edntegramente por \u00a0dicha Asociaci\u00f3n y que cuenta con el apoyo y colaboraci\u00f3n de Renfe Operadora, Adif, la Fundaci\u00f3n de los Ferrocarriles &hellip; <a href=\"https:\/\/www.eltrenillo.com\/?p=1409\" class=\"more-link\">Continuar leyendo<span class=\"screen-reader-text\"> \u00abTren tur\u00edstico RIO ERESMA.\u00bb<\/span><\/a><\/p>\n","protected":false},"author":1,"featured_media":0,"comment_status":"closed","ping_status":"closed","sticky":false,"template":"","format":"standard","meta":{"footnotes":""},"categories":[5,4],"tags":[],"class_list":["post-1409","post","type-post","status-publish","format-standard","hentry","category-noticias-de-interes","category-noticias-del-ferrocarril"],"_links":{"self":[{"href":"https:\/\/www.eltrenillo.com\/index.php?rest_route=\/wp\/v2\/posts\/1409","targetHints":{"allow":["GET"]}}],"collection":[{"href":"https:\/\/www.eltrenillo.com\/index.php?rest_route=\/wp\/v2\/posts"}],"about":[{"href":"https:\/\/www.eltrenillo.com\/index.php?rest_route=\/wp\/v2\/types\/post"}],"author":[{"embeddable":true,"href":"https:\/\/www.eltrenillo.com\/index.php?rest_route=\/wp\/v2\/users\/1"}],"replies":[{"embeddable":true,"href":"https:\/\/www.eltrenillo.com\/index.php?rest_route=%2Fwp%2Fv2%2Fcomments&post=1409"}],"version-history":[{"count":1,"href":"https:\/\/www.eltrenillo.com\/index.php?rest_route=\/wp\/v2\/posts\/1409\/revisions"}],"predecessor-version":[{"id":1411,"href":"https:\/\/www.eltrenillo.com\/index.php?rest_route=\/wp\/v2\/posts\/1409\/revisions\/1411"}],"wp:attachment":[{"href":"https:\/\/www.eltrenillo.com\/index.php?rest_route=%2Fwp%2Fv2%2Fmedia&parent=1409"}],"wp:term":[{"taxonomy":"category","embeddable":true,"href":"https:\/\/www.eltrenillo.com\/index.php?rest_route=%2Fwp%2Fv2%2Fcategories&post=1409"},{"taxonomy":"post_tag","embeddable":true,"href":"https:\/\/www.eltrenillo.com\/index.php?rest_route=%2Fwp%2Fv2%2Ftags&post=1409"}],"curies":[{"name":"wp","href":"https:\/\/api.w.org\/{rel}","templated":true}]}}