{"id":1017,"date":"2012-03-10T02:57:42","date_gmt":"2012-03-10T00:57:42","guid":{"rendered":"http:\/\/www.eltrenillo.org\/?p=1017"},"modified":"2012-03-12T14:37:36","modified_gmt":"2012-03-12T12:37:36","slug":"de-nuevo-cantina-en-valdepenas","status":"publish","type":"post","link":"https:\/\/www.eltrenillo.com\/?p=1017","title":{"rendered":"De nuevo CANTINA EN VALDEPE\u00d1AS \u00a1"},"content":{"rendered":"<p>Con grata sorpresa hemos visto que est\u00e1n reformando la ant\u00edgua Cantina de Valdepe\u00f1as.-<\/p>\n<p>Al parecer, han decidido apostar por \u00e9ste lugar de ocio, que sin duda mejorar\u00e1 \u00a0la atenci\u00f3n de los numerosos \u00a0viajeros que pasan por nuestra estaci\u00f3n, en especial, el fin de semana, cuando la estaci\u00f3n est\u00e1 cerrada.<\/p>\n<p>Les deseamos lo mejor en su nuevo negocio.\u00a1<\/p>\n<p><a href=\"http:\/\/www.eltrenillo.org\/wp-content\/uploads\/2012\/03\/CANTINA.jpg\"><img loading=\"lazy\" decoding=\"async\" class=\"aligncenter size-full wp-image-1018\" title=\"CANTINA\" src=\"http:\/\/www.eltrenillo.org\/wp-content\/uploads\/2012\/03\/CANTINA.jpg\" alt=\"\" width=\"500\" height=\"375\" \/><\/a><\/p>\n<p>&nbsp;<\/p>\n","protected":false},"excerpt":{"rendered":"<p>Con grata sorpresa hemos visto que est\u00e1n reformando la ant\u00edgua Cantina de Valdepe\u00f1as.- Al parecer, han decidido apostar por \u00e9ste lugar de ocio, que sin duda mejorar\u00e1 \u00a0la atenci\u00f3n de los numerosos \u00a0viajeros que pasan por nuestra estaci\u00f3n, en especial, el fin de semana, cuando la estaci\u00f3n est\u00e1 cerrada. Les deseamos lo mejor en su &hellip; <a href=\"https:\/\/www.eltrenillo.com\/?p=1017\" class=\"more-link\">Continuar leyendo<span class=\"screen-reader-text\"> \u00abDe nuevo CANTINA EN VALDEPE\u00d1AS \u00a1\u00bb<\/span><\/a><\/p>\n","protected":false},"author":1,"featured_media":0,"comment_status":"closed","ping_status":"closed","sticky":false,"template":"","format":"standard","meta":{"footnotes":""},"categories":[5],"tags":[],"class_list":["post-1017","post","type-post","status-publish","format-standard","hentry","category-noticias-de-interes"],"_links":{"self":[{"href":"https:\/\/www.eltrenillo.com\/index.php?rest_route=\/wp\/v2\/posts\/1017","targetHints":{"allow":["GET"]}}],"collection":[{"href":"https:\/\/www.eltrenillo.com\/index.php?rest_route=\/wp\/v2\/posts"}],"about":[{"href":"https:\/\/www.eltrenillo.com\/index.php?rest_route=\/wp\/v2\/types\/post"}],"author":[{"embeddable":true,"href":"https:\/\/www.eltrenillo.com\/index.php?rest_route=\/wp\/v2\/users\/1"}],"replies":[{"embeddable":true,"href":"https:\/\/www.eltrenillo.com\/index.php?rest_route=%2Fwp%2Fv2%2Fcomments&post=1017"}],"version-history":[{"count":2,"href":"https:\/\/www.eltrenillo.com\/index.php?rest_route=\/wp\/v2\/posts\/1017\/revisions"}],"predecessor-version":[{"id":1043,"href":"https:\/\/www.eltrenillo.com\/index.php?rest_route=\/wp\/v2\/posts\/1017\/revisions\/1043"}],"wp:attachment":[{"href":"https:\/\/www.eltrenillo.com\/index.php?rest_route=%2Fwp%2Fv2%2Fmedia&parent=1017"}],"wp:term":[{"taxonomy":"category","embeddable":true,"href":"https:\/\/www.eltrenillo.com\/index.php?rest_route=%2Fwp%2Fv2%2Fcategories&post=1017"},{"taxonomy":"post_tag","embeddable":true,"href":"https:\/\/www.eltrenillo.com\/index.php?rest_route=%2Fwp%2Fv2%2Ftags&post=1017"}],"curies":[{"name":"wp","href":"https:\/\/api.w.org\/{rel}","templated":true}]}}